{"id":4720,"date":"2019-05-07T09:43:15","date_gmt":"2019-05-07T07:43:15","guid":{"rendered":"http:\/\/www.atleticaverbano.it\/?p=4720"},"modified":"2023-04-07T10:05:05","modified_gmt":"2023-04-07T08:05:05","slug":"sabato-11-maggio-2019-prima-edizione-della-sti-varee","status":"publish","type":"post","link":"https:\/\/www.atleticaverbano.it\/?p=4720","title":{"rendered":"Sabato 11 Maggio 2019: prima edizione della STI\u2019-VAREE"},"content":{"rendered":"<p>CLASSIFICHE: <a href=\"https:\/\/www.atleticaverbano.it\/wp\/wp-content\/uploads\/2019\/05\/sti_vare\u0300e2019.pdf\">classifica generale<\/a> | <a href=\"https:\/\/www.atleticaverbano.it\/wp\/wp-content\/uploads\/2019\/05\/sti_vare\u0300e2019_societa\u0300.pdf\">classifica societ\u00e0<\/a><\/p>\n<p>SABATO 11 MAGGIO 2019\u00a0Atletica Verbano organizza\u00a0l\u2019edizione 1 della STI\u2019-VAREE, gara di corsa in montagna di 8km ca con percorso che si sviluppa prettamente in salita (ca.650d+). La gara \u00e8 inserita nel calendario Provinciale Fidal Varese e sar\u00e0 valida come 1^ prova del Campionato Provinciale Fidal di corsa in montagna Fidal per Societ\u00e0 Master.<\/p>\n<p>La manifestazione \u00e8 valida come 3^ prova nel circuito provinciale di corsa in montagna Grand Prix delle montagne varesine<\/p>\n<p>l\u2019edizione 0 della\u00a0\u00a0\u00a0STI\u2019-VAREE si svolse nel\u00a02018 alla vigilia\u00a0della 45esima edizione del Trofeo Traversi, ovvero la classicissima Cittiglio-Vararo,\u00a0 Per festeggiare al meglio l\u2019importante traguardo delle 45 edizioni, l\u2019intendo di\u00a0 Atletica Verbano era di collegare idealmente la stessa partenza e lo stesso arrivo della Cittiglio-Vararo con un\u00a0 percorso che sviluppasse in maniera diametralmente opposto.<\/p>\n<p>CITTIGLIO-VARARO: 95% strada e 5% sterrato<\/p>\n<p>STI\u2019-VAREE: 5% strada e 95% sterrato<\/p>\n<p>\u201cDurissima ma bellissima\u201d, Fu questo il commento unanime degli amici podisti e non che decisero di partecipare a questa nuova manifestazione. Le stesse parole furono pronunciate dal pi\u00f9 veloce degli uomini al traguardo (Andrea Basoli), dalla pi\u00f9 veloce delle donne (Lorena Strozzi), fino ai vari camminatori che decisero di avventurarsi sul percorso preparato da Atletica Verbano<\/p>\n<p>La STI\u2019-VAREE 2019 sar\u00e0 aperta a tutti gli atleti tesserati per societ\u00e0 Fidal, a tutti i possessori di Runcard o Mountain runcard (con esibizione della tessera e del certificato medico) e con tutti gli atleti tesserati per un Ente di promozione ( con esibizione del certificato medico).<\/p>\n<p><strong>In coda alla gara agonistica partir\u00e0 una camminata non competitiva ludico-motoria a passo libero aperta a tutti<\/strong><\/p>\n<p>Per tutte le info:<\/p>\n<p>Il programma della manifestazione lo trovate qui:<br \/>\n<a href=\"http:\/\/www.cittigliovararo.it\/programma\/\">http:\/\/www.cittigliovararo.it\/programma\/<\/a><br \/>\nSe volete sapere come iscrivervi alla gara andate qui:<br \/>\n<a href=\"http:\/\/www.cittigliovararo.it\/24-2\/\">http:\/\/www.cittigliovararo.it\/24-2\/<\/a><br \/>\nSe volete avere qualche indicazione sul percorso andate qui: <a href=\"http:\/\/www.cittigliovararo.it\/pagina-di-esempio\/\">http:\/\/www.cittigliovararo.it\/pagina-di-esempio\/<\/a><br \/>\nQui trovate il regolamento completo della gara agonistica e della camminata non competitiva:<br \/>\n<a href=\"http:\/\/www.cittigliovararo.it\/regolamento\/\">http:\/\/www.cittigliovararo.it\/regolamento\/<\/a><br \/>\nSe invece volete avere indicazioni sul circuito del GRAND PRIX DELLE MONTAGNE VARESINE andate qui:<br \/>\n<a href=\"http:\/\/gpdellemontagnevaresine.altervista.org\/\">http:\/\/gpdellemontagnevaresine.altervista.org\/<\/a><\/p>\n","protected":false},"excerpt":{"rendered":"<p>CLASSIFICHE: classifica generale | classifica societ\u00e0 SABATO 11 MAGGIO 2019\u00a0Atletica Verbano organizza\u00a0l\u2019edizione 1 della STI\u2019-VAREE, gara di corsa in montagna di 8km ca con percorso che si sviluppa prettamente in salita (ca.650d+). La gara \u00e8 inserita nel calendario Provinciale Fidal Varese e sar\u00e0 valida come 1^ prova del Campionato Provinciale Fidal di corsa in montagna<\/p>\n","protected":false},"author":1,"featured_media":4715,"comment_status":"open","ping_status":"open","sticky":false,"template":"","format":"standard","meta":{"footnotes":""},"categories":[41],"tags":[],"class_list":{"0":"post-4720","1":"post","2":"type-post","3":"status-publish","4":"format-standard","5":"has-post-thumbnail","7":"category-cittiglio-vararo"},"_links":{"self":[{"href":"https:\/\/www.atleticaverbano.it\/index.php?rest_route=\/wp\/v2\/posts\/4720","targetHints":{"allow":["GET"]}}],"collection":[{"href":"https:\/\/www.atleticaverbano.it\/index.php?rest_route=\/wp\/v2\/posts"}],"about":[{"href":"https:\/\/www.atleticaverbano.it\/index.php?rest_route=\/wp\/v2\/types\/post"}],"author":[{"embeddable":true,"href":"https:\/\/www.atleticaverbano.it\/index.php?rest_route=\/wp\/v2\/users\/1"}],"replies":[{"embeddable":true,"href":"https:\/\/www.atleticaverbano.it\/index.php?rest_route=%2Fwp%2Fv2%2Fcomments&post=4720"}],"version-history":[{"count":1,"href":"https:\/\/www.atleticaverbano.it\/index.php?rest_route=\/wp\/v2\/posts\/4720\/revisions"}],"predecessor-version":[{"id":5476,"href":"https:\/\/www.atleticaverbano.it\/index.php?rest_route=\/wp\/v2\/posts\/4720\/revisions\/5476"}],"wp:featuredmedia":[{"embeddable":true,"href":"https:\/\/www.atleticaverbano.it\/index.php?rest_route=\/wp\/v2\/media\/4715"}],"wp:attachment":[{"href":"https:\/\/www.atleticaverbano.it\/index.php?rest_route=%2Fwp%2Fv2%2Fmedia&parent=4720"}],"wp:term":[{"taxonomy":"category","embeddable":true,"href":"https:\/\/www.atleticaverbano.it\/index.php?rest_route=%2Fwp%2Fv2%2Fcategories&post=4720"},{"taxonomy":"post_tag","embeddable":true,"href":"https:\/\/www.atleticaverbano.it\/index.php?rest_route=%2Fwp%2Fv2%2Ftags&post=4720"}],"curies":[{"name":"wp","href":"https:\/\/api.w.org\/{rel}","templated":true}]}}