{"id":4929,"date":"2019-07-29T09:05:38","date_gmt":"2019-07-29T07:05:38","guid":{"rendered":"http:\/\/www.atleticaverbano.it\/?p=4929"},"modified":"2019-07-29T09:05:38","modified_gmt":"2019-07-29T07:05:38","slug":"teo-barbara-andrea-una-dama-e-due-cavalieri-tra-i-monti","status":"publish","type":"post","link":"https:\/\/www.atleticaverbano.it\/?p=4929","title":{"rendered":"Teo, Barbara, Andrea: UNA DAMA E DUE CAVALIERI TRA I MONTI"},"content":{"rendered":"<p>Sabato 27 luglio il Monte Rosa ha fatto da spartiacque (e vista l\u2019acqua scesa dal cielo, il termine pu\u00f2 essere appropriato) tra due belle manifestazioni : ad Est ci correva il Monterosa Est Himalayamn Trail (<a href=\"https:\/\/meht.it\/\">https:\/\/meht.it\/<\/a> ) mentre ad Ovest andava in scena il Monterosa Walser\u00a0Trail (<a href=\"https:\/\/www.monterosawalsertrail.com\/\">https:\/\/www.monterosawalsertrail.com\/<\/a>) .<\/p>\n<p>Nonostante un meteo particolarmente inclemente centinaia e centinaia di atleti si snon apprestati a correre su e gi\u00f9 per montagne, tra di loro segna lamiamo la presenza di duna dama biancorossa ( BARBARA MANENTI)\u00a0 di due cavallieri biancorossi (MATTEO BERNARDI E ANDREA GAZZANIGA)<\/p>\n<p>LA BARBARA:<\/p>\n<p>se la letteratura italiana ci ha regalato \u201cBarnabo delle montagne\u201d, Atletica Verbano vi regala \u201cBarbara delle montagne\u201d. Ormai non finisce pi\u00f9 di stupirci (e fortunatamente stupirsi) tale \u00e8 la sua determinazione nel rincorrere di sentiero in sentiero i propri sogni, andando a raggiungerli nelle pi\u00f9 alte e sperdute delle montagne.<\/p>\n<p>IL TEO<\/p>\n<p>Che dire\u2026ma dove lo si trova un atleta come lui? Sparisce per mesi preso , giustamente , dagli impegni e doveri famigliari e lavorativi. Poi improvvisamente si fa vedere alla partenza di qualche gara e che ti combina? Lascia sempre il segno per risultati e prestazioni. E per di pi\u00f9 ci fa anche arrabbiare perch\u00e9 quando giunge al traguardo sembra non abbia neanche corso.<\/p>\n<p>L\u2019ANDREA.<\/p>\n<p>Niente di nuovo sotto il sole, le qualit\u00e0 le aveva anche senza maglia biancorossa. Ma ora, oltre alle qualit\u00e0, \u00e8 anche pi\u00f9 bello da vedersi con indosso la casacca da Verbanello. E di gara in gara e prestazione in prestazione dimostra sempre pi\u00f9 di essere una consolidata certezza nella corsa lunga distanza.<\/p>\n<p>&nbsp;<\/p>\n<p>LA BARBARA E IL TEO AL MONTEROSA EST HIMALAYAN TRAIL<\/p>\n<p>Si\u00a0 parte da Maccugnaga ,\u00a0 con l\u2019\u201dhimalayana\u201d parete est del Rosa a fare da spettatrice e al traguardo sono arrivati cos\u00ec:<\/p>\n<p>-MANENTI BARBARA 10:47:18<\/p>\n<p>-BERNARDI MATTEO 11:12:19<\/p>\n<p>Vorremo fermarci qui per dare a Barbara la giusta standing ovation, ma il dovere di cronaca c\u2019impone di andare avanti e dare le giuste precisazioni:<\/p>\n<p>Barbara \u00e8 arrivata in 75^ posizione (16^ donna) nel percorso da 38km (con 2900mt di dislivello). Nota: un oretta prima della Manenti\u2019s sister Barbara arrivava anche il Manenti\u2019s brother Roger impegnato nella medesima distanza.<\/p>\n<p>Il nostro straordinario Teo chiudeva in 14^ posizione assoluta la gara da 50 km (4500mt di dislivelo).<\/p>\n<p>Nota: Segnaliamo nella stessa distanza di 50km la splendida prestazione di Stefano Ruzza che chiude in 2^ posizione in 8h50&#8242; dietro al fuoriclasse Franco Colle.<\/p>\n<p>L\u2019ANDREA ALLA MONTEROSA WALSER TRAIL<\/p>\n<p>Da Gressoney Saint Jean prendevano via le varie gare con diversi kilometraggi della Monterosa Walser Trail.<\/p>\n<p>Ed \u00e8 qui che il nostro Gazzaniga Andrea dimostra tutte le proprie doti e qualit\u00e0 nella orsa lunga distanza chiudendo in 31^ posizione assoluta in 7h07\u201929\u2019\u2019 la gara da 50km e 3940mt di dislivello: infiniti applausi per lui.<\/p>\n<p>Come sono infiniti gli applausi che facciamo al mito ANDREA MACCHI che vince la gara da 114km (e oltre 8000mt di dislivello!!!!) dopo oltre 18 ore.<\/p>\n<p>Complimenti a tutti loro anche perch\u00e9 hanno corso in condizioni non propriamente estive: vento, pioggia, temporali e freddo hanno l\u2019hanno fatta da padrona.<\/p>\n<p>Seguono foto di repertorio.<\/p>\n<p>AV<\/p>\n","protected":false},"excerpt":{"rendered":"<p>Sabato 27 luglio il Monte Rosa ha fatto da spartiacque (e vista l\u2019acqua scesa dal cielo, il termine pu\u00f2 essere appropriato) tra due belle manifestazioni : ad Est ci correva il Monterosa Est Himalayamn Trail (https:\/\/meht.it\/ ) mentre ad Ovest andava in scena il Monterosa Walser\u00a0Trail (https:\/\/www.monterosawalsertrail.com\/) . Nonostante un meteo particolarmente inclemente centinaia e<\/p>\n","protected":false},"author":1,"featured_media":0,"comment_status":"open","ping_status":"open","sticky":false,"template":"","format":"standard","meta":{"footnotes":""},"categories":[32],"tags":[],"class_list":{"0":"post-4929","1":"post","2":"type-post","3":"status-publish","4":"format-standard","6":"category-news"},"_links":{"self":[{"href":"https:\/\/www.atleticaverbano.it\/index.php?rest_route=\/wp\/v2\/posts\/4929","targetHints":{"allow":["GET"]}}],"collection":[{"href":"https:\/\/www.atleticaverbano.it\/index.php?rest_route=\/wp\/v2\/posts"}],"about":[{"href":"https:\/\/www.atleticaverbano.it\/index.php?rest_route=\/wp\/v2\/types\/post"}],"author":[{"embeddable":true,"href":"https:\/\/www.atleticaverbano.it\/index.php?rest_route=\/wp\/v2\/users\/1"}],"replies":[{"embeddable":true,"href":"https:\/\/www.atleticaverbano.it\/index.php?rest_route=%2Fwp%2Fv2%2Fcomments&post=4929"}],"version-history":[{"count":0,"href":"https:\/\/www.atleticaverbano.it\/index.php?rest_route=\/wp\/v2\/posts\/4929\/revisions"}],"wp:attachment":[{"href":"https:\/\/www.atleticaverbano.it\/index.php?rest_route=%2Fwp%2Fv2%2Fmedia&parent=4929"}],"wp:term":[{"taxonomy":"category","embeddable":true,"href":"https:\/\/www.atleticaverbano.it\/index.php?rest_route=%2Fwp%2Fv2%2Fcategories&post=4929"},{"taxonomy":"post_tag","embeddable":true,"href":"https:\/\/www.atleticaverbano.it\/index.php?rest_route=%2Fwp%2Fv2%2Ftags&post=4929"}],"curies":[{"name":"wp","href":"https:\/\/api.w.org\/{rel}","templated":true}]}}