{"id":4946,"date":"2019-08-22T09:27:03","date_gmt":"2019-08-22T07:27:03","guid":{"rendered":"http:\/\/www.atleticaverbano.it\/?p=4946"},"modified":"2019-08-22T09:27:03","modified_gmt":"2019-08-22T07:27:03","slug":"un-brinziese-velocissimo-a-brebbia","status":"publish","type":"post","link":"https:\/\/www.atleticaverbano.it\/?p=4946","title":{"rendered":"UN BRINZIESE VELOCISSIMO A BREBBIA"},"content":{"rendered":"<p>Il nostro Brinziese Veloce (da ora \u201c brinziese velocissimo\u201d), al secolo FRANCESCO PICCINELLI ottiene una bellissima e meritata vittoria alla 25^ edizione della SAN ROCCO DI CORSA,\u00a0 tradizionale appuntamento di met\u00e0 agosto del podismo del varesotto che si \u00e8 svolto a Brebbia venerd\u00ec 16 agosto.<\/p>\n<p>\u00c8 il caso di dire \u201cAgosto, secondo posto non ti conosco\u201d perch\u00e9 Francesco arriva da una duplice vittoria ottenuta partecipando a\u00a0 due delle 10 mezzemaratone che si sono svolte nella ORTA 10 IN 10.<\/p>\n<p>Ma se li c\u2019era il beneficio del dubbio (affluenza non altissima e percorsi fatti dai pi\u00f9 per esserci e per fare un bell\u2019allenamento), sul risultato di Brebbia non si discute: era gara vera e il ragazzo ci ha dato dentro!!!!! Bravissimo.<img fetchpriority=\"high\" decoding=\"async\" class=\"alignnone size-medium wp-image-4948\" src=\"https:\/\/www.atleticaverbano.it\/wp\/wp-content\/uploads\/2019\/08\/FRA2-1-169x300.jpg\" alt=\"\" width=\"169\" height=\"300\" srcset=\"https:\/\/www.atleticaverbano.it\/wp-content\/uploads\/2019\/08\/FRA2-1-169x300.jpg 169w, https:\/\/www.atleticaverbano.it\/wp-content\/uploads\/2019\/08\/FRA2-1-576x1024.jpg 576w, https:\/\/www.atleticaverbano.it\/wp-content\/uploads\/2019\/08\/FRA2-1-150x267.jpg 150w, https:\/\/www.atleticaverbano.it\/wp-content\/uploads\/2019\/08\/FRA2-1-450x800.jpg 450w, https:\/\/www.atleticaverbano.it\/wp-content\/uploads\/2019\/08\/FRA2-1.jpg 750w\" sizes=\"(max-width: 169px) 100vw, 169px\" \/> <img decoding=\"async\" class=\"alignnone size-medium wp-image-4949\" src=\"https:\/\/www.atleticaverbano.it\/wp\/wp-content\/uploads\/2019\/08\/ALEXIA-168x300.jpg\" alt=\"\" width=\"168\" height=\"300\" srcset=\"https:\/\/www.atleticaverbano.it\/wp-content\/uploads\/2019\/08\/ALEXIA-168x300.jpg 168w, https:\/\/www.atleticaverbano.it\/wp-content\/uploads\/2019\/08\/ALEXIA-150x268.jpg 150w, https:\/\/www.atleticaverbano.it\/wp-content\/uploads\/2019\/08\/ALEXIA-450x803.jpg 450w, https:\/\/www.atleticaverbano.it\/wp-content\/uploads\/2019\/08\/ALEXIA.jpg 538w\" sizes=\"(max-width: 168px) 100vw, 168px\" \/><\/p>\n<p>Nella stessa gara viene premiata anche l\u2019unica verbanella alla partenza: Alexia Aprile che conquista l\u20198\u00b0 posto nella classifica femminile. Questo il commento di Alexia <em>\u201cGara a Brebbia &#8230;. buon rientro e piazzamento inaspettato : ottava donna assoluta &#8230;. sono soddisfatta e molto contenta. Sar\u00e0 l\u2019inizio della ripresa?\u201d<\/em> Un doppio applauso per Alexia: uno per complimentarsi per il risultato e uno per dare uno stimolo ad Alexia per allenamenti ed impegni futuri.<\/p>\n<p>A completare la classifica biancorossa segnaliamo la presenza di :<\/p>\n<p>16\u00b0 PEGORIN RENATO<\/p>\n<p>30\u00b0 DASCANIO GIUSEPPE<\/p>\n<p>50\u00b0 e 51\u00b0) BINDA ANDREA E SANTAMBROGIO DAVIDE (scegliete voi)<\/p>\n<p>Presenti anche Alessio Falcinella (nei primi 20) e Raffaele Perin (posizione non pervenuta)<\/p>\n<p>Osservatore esterno: Piffero Giordano<\/p>\n<p>AV<\/p>\n","protected":false},"excerpt":{"rendered":"<p>Il nostro Brinziese Veloce (da ora \u201c brinziese velocissimo\u201d), al secolo FRANCESCO PICCINELLI ottiene una bellissima e meritata vittoria alla 25^ edizione della SAN ROCCO DI CORSA,\u00a0 tradizionale appuntamento di met\u00e0 agosto del podismo del varesotto che si \u00e8 svolto a Brebbia venerd\u00ec 16 agosto. \u00c8 il caso di dire \u201cAgosto, secondo posto non ti<\/p>\n","protected":false},"author":1,"featured_media":4947,"comment_status":"open","ping_status":"open","sticky":false,"template":"","format":"standard","meta":{"footnotes":""},"categories":[32],"tags":[],"class_list":{"0":"post-4946","1":"post","2":"type-post","3":"status-publish","4":"format-standard","5":"has-post-thumbnail","7":"category-news"},"_links":{"self":[{"href":"https:\/\/www.atleticaverbano.it\/index.php?rest_route=\/wp\/v2\/posts\/4946","targetHints":{"allow":["GET"]}}],"collection":[{"href":"https:\/\/www.atleticaverbano.it\/index.php?rest_route=\/wp\/v2\/posts"}],"about":[{"href":"https:\/\/www.atleticaverbano.it\/index.php?rest_route=\/wp\/v2\/types\/post"}],"author":[{"embeddable":true,"href":"https:\/\/www.atleticaverbano.it\/index.php?rest_route=\/wp\/v2\/users\/1"}],"replies":[{"embeddable":true,"href":"https:\/\/www.atleticaverbano.it\/index.php?rest_route=%2Fwp%2Fv2%2Fcomments&post=4946"}],"version-history":[{"count":0,"href":"https:\/\/www.atleticaverbano.it\/index.php?rest_route=\/wp\/v2\/posts\/4946\/revisions"}],"wp:featuredmedia":[{"embeddable":true,"href":"https:\/\/www.atleticaverbano.it\/index.php?rest_route=\/wp\/v2\/media\/4947"}],"wp:attachment":[{"href":"https:\/\/www.atleticaverbano.it\/index.php?rest_route=%2Fwp%2Fv2%2Fmedia&parent=4946"}],"wp:term":[{"taxonomy":"category","embeddable":true,"href":"https:\/\/www.atleticaverbano.it\/index.php?rest_route=%2Fwp%2Fv2%2Fcategories&post=4946"},{"taxonomy":"post_tag","embeddable":true,"href":"https:\/\/www.atleticaverbano.it\/index.php?rest_route=%2Fwp%2Fv2%2Ftags&post=4946"}],"curies":[{"name":"wp","href":"https:\/\/api.w.org\/{rel}","templated":true}]}}