{"id":5119,"date":"2018-03-28T08:43:26","date_gmt":"2018-03-28T06:43:26","guid":{"rendered":"http:\/\/www.atleticaverbano.it\/?p=4032"},"modified":"2023-04-07T10:06:22","modified_gmt":"2023-04-07T08:06:22","slug":"iv-aperigiro-marzo-2018","status":"publish","type":"post","link":"https:\/\/www.atleticaverbano.it\/?p=5119","title":{"rendered":"IV\u00b0 AperiGiro Marzo 2018"},"content":{"rendered":"<p>Ci siamo: <strong>quarta edizione<\/strong>.<\/p>\n<p>&nbsp;<\/p>\n<p>Il giro c&#8217;\u00e8 ed \u00e8 bellissimo, la location per il post allenamento \u00e8 pronta e accogliente, non serviranno nemmeno le luci frontali questa volta.<\/p>\n<p>Non resta che correre&#8230;.ricordatevi di indossare i colori bianco\/rossi!!!<\/p>\n<p>A venerd\u00ec: vi aspettiamo!!<\/p>\n<p>&nbsp;<\/p>\n","protected":false},"excerpt":{"rendered":"<p>Ci siamo: quarta edizione. &nbsp; Il giro c&#8217;\u00e8 ed \u00e8 bellissimo, la location per il post allenamento \u00e8 pronta e accogliente, non serviranno nemmeno le luci frontali questa volta. Non resta che correre&#8230;.ricordatevi di indossare i colori bianco\/rossi!!! A venerd\u00ec: vi aspettiamo!! &nbsp;<\/p>\n","protected":false},"author":1,"featured_media":4029,"comment_status":"open","ping_status":"open","sticky":false,"template":"","format":"standard","meta":{"footnotes":""},"categories":[27],"tags":[],"class_list":{"0":"post-5119","1":"post","2":"type-post","3":"status-publish","4":"format-standard","5":"has-post-thumbnail","7":"category-aperigiri"},"_links":{"self":[{"href":"https:\/\/www.atleticaverbano.it\/index.php?rest_route=\/wp\/v2\/posts\/5119","targetHints":{"allow":["GET"]}}],"collection":[{"href":"https:\/\/www.atleticaverbano.it\/index.php?rest_route=\/wp\/v2\/posts"}],"about":[{"href":"https:\/\/www.atleticaverbano.it\/index.php?rest_route=\/wp\/v2\/types\/post"}],"author":[{"embeddable":true,"href":"https:\/\/www.atleticaverbano.it\/index.php?rest_route=\/wp\/v2\/users\/1"}],"replies":[{"embeddable":true,"href":"https:\/\/www.atleticaverbano.it\/index.php?rest_route=%2Fwp%2Fv2%2Fcomments&post=5119"}],"version-history":[{"count":1,"href":"https:\/\/www.atleticaverbano.it\/index.php?rest_route=\/wp\/v2\/posts\/5119\/revisions"}],"predecessor-version":[{"id":5485,"href":"https:\/\/www.atleticaverbano.it\/index.php?rest_route=\/wp\/v2\/posts\/5119\/revisions\/5485"}],"wp:featuredmedia":[{"embeddable":true,"href":"https:\/\/www.atleticaverbano.it\/index.php?rest_route=\/wp\/v2\/media\/4029"}],"wp:attachment":[{"href":"https:\/\/www.atleticaverbano.it\/index.php?rest_route=%2Fwp%2Fv2%2Fmedia&parent=5119"}],"wp:term":[{"taxonomy":"category","embeddable":true,"href":"https:\/\/www.atleticaverbano.it\/index.php?rest_route=%2Fwp%2Fv2%2Fcategories&post=5119"},{"taxonomy":"post_tag","embeddable":true,"href":"https:\/\/www.atleticaverbano.it\/index.php?rest_route=%2Fwp%2Fv2%2Ftags&post=5119"}],"curies":[{"name":"wp","href":"https:\/\/api.w.org\/{rel}","templated":true}]}}